{"id":11116,"date":"2018-05-25T12:40:32","date_gmt":"2018-05-25T15:40:32","guid":{"rendered":"https:\/\/wpsandbox4.pante.com.br\/?p=11116"},"modified":"2018-05-25T12:40:32","modified_gmt":"2018-05-25T15:40:32","slug":"governador-de-pernambuco-confirmado-no-encontro-em-bonito","status":"publish","type":"post","link":"https:\/\/uvbbrasil.com.br\/governador-de-pernambuco-confirmado-no-encontro-em-bonito\/","title":{"rendered":"Governador de Pernambuco confirmado no Encontro em Bonito"},"content":{"rendered":"<p>O Governador do Estado de Pernambuco. Paulo C\u00e2mara, confirmou presen\u00e7a do Encontro Nacional de Legislativos Municipais, que acontece entre os dias 13 e 15 de junho na cidade de Bonito\/PE.<\/p>\n<p>A presen\u00e7a do chefe do executivo estadual, est\u00e1 programada para acontecer na abertura oficial no dia 13 de junho. Paulo C\u00e2mara informou ao prefeito municipal de Bonito, Gustavo Adolfo, que estar\u00e1 prestigiando o evento dos vereadores na cidade<\/p>\n<p><img fetchpriority=\"high\" decoding=\"async\" class=\"aligncenter size-full wp-image-11118\" src=\"https:\/\/uvbbrasil.com.br\/wp-content\/uploads\/2018\/05\/goverenador-paulo-camara.jpg\" alt=\"\" width=\"710\" height=\"400\" srcset=\"https:\/\/uvbbrasil.com.br\/wp-content\/uploads\/2018\/05\/goverenador-paulo-camara.jpg 710w, https:\/\/uvbbrasil.com.br\/wp-content\/uploads\/2018\/05\/goverenador-paulo-camara-300x169.jpg 300w\" sizes=\"(max-width: 710px) 100vw, 710px\" \/><\/p>\n<p><em>Governador esteve recentemente em Bonito, inaugurando o Telef\u00e9rico na companhia do prefeito Gustavo e respectivas primeiras damas.<\/em><\/p>\n<p>Conhe\u00e7a Bonito\/PE<\/p>\n<div class=\"entry-content\">\n<p>Pouca gente sabe que no agreste pernambucano, mais precisamente a 135 km de Recife, existe um belo lugar para aventuras. A cidade de <strong>Bonito<\/strong>, em <strong>Pernambuco<\/strong>, consegue ser bem diferente do que o imagin\u00e1rio popular aponta quando pensamos em Nordeste: \u00e9 formada por paisagens montanhosas, cachoeiras, propriedades rurais e muita tranquilidade.<\/p>\n<p>Considerada a \u201c<strong>capital nordestina do ecoturismo<\/strong>\u201d, a regi\u00e3o de clima ameno foi aben\u00e7oada pela natureza. Reservas ecol\u00f3gicas e Mata Atl\u00e2ntica preservadas oferecem nascentes, riachos, lagos, bicas, corredeiras, piscinas naturais e in\u00fameras quedas d\u2019\u00e1gua para o deleite dos visitantes. N\u00e3o por acaso acabou caindo nas gra\u00e7as dos aventureiros em busca de adrenalina.<\/p>\n<p>Ali o \u201cplayground\u201d inclui atividades como arvorismo, tirolesa, escalada, quadriciclo e trekking. O maior rapel de Pernambuco, com 250 metros de altura, fica na <strong>Pedra do Rodeadouro<\/strong>. Quem alcan\u00e7a seu topo, a 685 metros de altitude,\u00a0tem como recompensa pelo esfor\u00e7o um bel\u00edssimo p\u00f4r do sol.\u00a0Entre os locais mais visitados, ganham destaque o Mirante da Serra do Araticum, a Reserva Ecol\u00f3gica Mata do Mucuri e as cachoeiras V\u00e9u da Noiva, Barra Azul, Po\u00e7o Dantas, Pedra Redonda, Para\u00edso, Gruta e M\u00e1gico. Haja \u00e1gua para se refrescar!<\/p>\n<p><img decoding=\"async\" class=\"size-full wp-image-18630 aligncenter\" src=\"https:\/\/cache.quantocustaviajar.com\/blog\/wp-content\/uploads\/2017\/10\/bonito-pernambuco20.jpg\" sizes=\"(max-width: 650px) 96vw, 650px\" srcset=\"https:\/\/cache.quantocustaviajar.com\/blog\/wp-content\/uploads\/2017\/10\/bonito-pernambuco20.jpg 650w, https:\/\/cache.quantocustaviajar.com\/blog\/wp-content\/uploads\/2017\/10\/bonito-pernambuco20-300x199.jpg 300w, https:\/\/cache.quantocustaviajar.com\/blog\/wp-content\/uploads\/2017\/10\/bonito-pernambuco20-400x266.jpg 400w\" alt=\"\" width=\"650\" height=\"432\" \/><\/p>\n<div class=\"seedtag-gohan seedtag-adunit\">Quem opta por tranquilidade pode fazer passeios a cavalo e de bal\u00e3o, curtir o som dos p\u00e1ssaros silvestres, visitar engenhos, <strong>planta\u00e7\u00f5es de flores<\/strong> e casas de farinha, al\u00e9m de\u00a0descansar nas pousadas ou fazendas que funcionam como hospedaria. Uma ida at\u00e9 o centro da cidade \u00e9 indispens\u00e1vel, especialmente para aqueles com pouco tempo dispon\u00edvel de viagem. Por l\u00e1 se concentram alguns atrativos, como a\u00a0Igreja Matriz Nossa Senhora da Concei\u00e7\u00e3o\u00a0e outros edif\u00edcios dos s\u00e9culos passados, trilhas pequenas na Mata da Chuva e um imperd\u00edvel p\u00f4r do sol no\u00a0S\u00edtio do Himalaia.<\/div>\n<p>\u00c9, Brasil\u2026voc\u00ea n\u00e3o para de nos surpreender!<\/p>\n<p><img decoding=\"async\" class=\"size-full wp-image-18623 aligncenter\" src=\"https:\/\/cache.quantocustaviajar.com\/blog\/wp-content\/uploads\/2017\/10\/bonito-pernambuco6.jpg\" sizes=\"(max-width: 650px) 96vw, 650px\" srcset=\"https:\/\/cache.quantocustaviajar.com\/blog\/wp-content\/uploads\/2017\/10\/bonito-pernambuco6.jpg 650w, https:\/\/cache.quantocustaviajar.com\/blog\/wp-content\/uploads\/2017\/10\/bonito-pernambuco6-150x150.jpg 150w, https:\/\/cache.quantocustaviajar.com\/blog\/wp-content\/uploads\/2017\/10\/bonito-pernambuco6-300x300.jpg 300w, https:\/\/cache.quantocustaviajar.com\/blog\/wp-content\/uploads\/2017\/10\/bonito-pernambuco6-400x400.jpg 400w, https:\/\/cache.quantocustaviajar.com\/blog\/wp-content\/uploads\/2017\/10\/bonito-pernambuco6-177x177.jpg 177w, https:\/\/cache.quantocustaviajar.com\/blog\/wp-content\/uploads\/2017\/10\/bonito-pernambuco6-380x380.jpg 380w\" alt=\"\" width=\"650\" height=\"650\" \/><\/p>\n<p><img loading=\"lazy\" decoding=\"async\" class=\"size-full wp-image-18626 aligncenter\" src=\"https:\/\/cache.quantocustaviajar.com\/blog\/wp-content\/uploads\/2017\/10\/bonito-pernambuco14.jpg\" sizes=\"(max-width: 650px) 96vw, 650px\" srcset=\"https:\/\/cache.quantocustaviajar.com\/blog\/wp-content\/uploads\/2017\/10\/bonito-pernambuco14.jpg 650w, https:\/\/cache.quantocustaviajar.com\/blog\/wp-content\/uploads\/2017\/10\/bonito-pernambuco14-300x186.jpg 300w, https:\/\/cache.quantocustaviajar.com\/blog\/wp-content\/uploads\/2017\/10\/bonito-pernambuco14-400x248.jpg 400w\" alt=\"\" width=\"650\" height=\"403\" \/><img loading=\"lazy\" decoding=\"async\" class=\"size-full wp-image-18628 aligncenter\" src=\"https:\/\/cache.quantocustaviajar.com\/blog\/wp-content\/uploads\/2017\/10\/bonito-pernambuco16.jpg\" sizes=\"(max-width: 649px) 96vw, 649px\" srcset=\"https:\/\/cache.quantocustaviajar.com\/blog\/wp-content\/uploads\/2017\/10\/bonito-pernambuco16.jpg 649w, https:\/\/cache.quantocustaviajar.com\/blog\/wp-content\/uploads\/2017\/10\/bonito-pernambuco16-300x221.jpg 300w, https:\/\/cache.quantocustaviajar.com\/blog\/wp-content\/uploads\/2017\/10\/bonito-pernambuco16-400x295.jpg 400w\" alt=\"\" width=\"649\" height=\"479\" \/><\/p>\n<p><img loading=\"lazy\" decoding=\"async\" class=\"size-full wp-image-18625 aligncenter\" src=\"https:\/\/cache.quantocustaviajar.com\/blog\/wp-content\/uploads\/2017\/10\/bonito-pernambuco13.jpg\" sizes=\"(max-width: 650px) 96vw, 650px\" srcset=\"https:\/\/cache.quantocustaviajar.com\/blog\/wp-content\/uploads\/2017\/10\/bonito-pernambuco13.jpg 650w, https:\/\/cache.quantocustaviajar.com\/blog\/wp-content\/uploads\/2017\/10\/bonito-pernambuco13-300x225.jpg 300w, https:\/\/cache.quantocustaviajar.com\/blog\/wp-content\/uploads\/2017\/10\/bonito-pernambuco13-400x300.jpg 400w\" alt=\"\" width=\"650\" height=\"488\" \/><\/p>\n<p><img loading=\"lazy\" decoding=\"async\" class=\"size-full wp-image-18629 aligncenter\" src=\"https:\/\/cache.quantocustaviajar.com\/blog\/wp-content\/uploads\/2017\/10\/bonito-pernambuco17.jpg\" sizes=\"(max-width: 650px) 96vw, 650px\" srcset=\"https:\/\/cache.quantocustaviajar.com\/blog\/wp-content\/uploads\/2017\/10\/bonito-pernambuco17.jpg 650w, https:\/\/cache.quantocustaviajar.com\/blog\/wp-content\/uploads\/2017\/10\/bonito-pernambuco17-150x150.jpg 150w, https:\/\/cache.quantocustaviajar.com\/blog\/wp-content\/uploads\/2017\/10\/bonito-pernambuco17-300x300.jpg 300w, https:\/\/cache.quantocustaviajar.com\/blog\/wp-content\/uploads\/2017\/10\/bonito-pernambuco17-400x400.jpg 400w, https:\/\/cache.quantocustaviajar.com\/blog\/wp-content\/uploads\/2017\/10\/bonito-pernambuco17-177x177.jpg 177w, https:\/\/cache.quantocustaviajar.com\/blog\/wp-content\/uploads\/2017\/10\/bonito-pernambuco17-380x380.jpg 380w\" alt=\"\" width=\"650\" height=\"650\" \/><img loading=\"lazy\" decoding=\"async\" class=\"size-full wp-image-18624 aligncenter\" src=\"https:\/\/cache.quantocustaviajar.com\/blog\/wp-content\/uploads\/2017\/10\/bonito-pernambuco11.jpg\" sizes=\"(max-width: 650px) 96vw, 650px\" srcset=\"https:\/\/cache.quantocustaviajar.com\/blog\/wp-content\/uploads\/2017\/10\/bonito-pernambuco11.jpg 650w, https:\/\/cache.quantocustaviajar.com\/blog\/wp-content\/uploads\/2017\/10\/bonito-pernambuco11-300x225.jpg 300w, https:\/\/cache.quantocustaviajar.com\/blog\/wp-content\/uploads\/2017\/10\/bonito-pernambuco11-400x300.jpg 400w\" alt=\"\" width=\"650\" height=\"488\" \/><img loading=\"lazy\" decoding=\"async\" class=\"size-full wp-image-18620 aligncenter\" src=\"https:\/\/cache.quantocustaviajar.com\/blog\/wp-content\/uploads\/2017\/10\/bonito-ecoparque.jpg\" sizes=\"(max-width: 650px) 96vw, 650px\" srcset=\"https:\/\/cache.quantocustaviajar.com\/blog\/wp-content\/uploads\/2017\/10\/bonito-ecoparque.jpg 650w, https:\/\/cache.quantocustaviajar.com\/blog\/wp-content\/uploads\/2017\/10\/bonito-ecoparque-300x200.jpg 300w, https:\/\/cache.quantocustaviajar.com\/blog\/wp-content\/uploads\/2017\/10\/bonito-ecoparque-400x266.jpg 400w\" alt=\"\" width=\"650\" height=\"433\" \/><\/p>\n<p><img loading=\"lazy\" decoding=\"async\" class=\"size-full wp-image-18619 aligncenter\" src=\"https:\/\/cache.quantocustaviajar.com\/blog\/wp-content\/uploads\/2017\/10\/bonito-pernambuco26.jpg\" sizes=\"(max-width: 650px) 96vw, 650px\" srcset=\"https:\/\/cache.quantocustaviajar.com\/blog\/wp-content\/uploads\/2017\/10\/bonito-pernambuco26.jpg 650w, https:\/\/cache.quantocustaviajar.com\/blog\/wp-content\/uploads\/2017\/10\/bonito-pernambuco26-300x200.jpg 300w, https:\/\/cache.quantocustaviajar.com\/blog\/wp-content\/uploads\/2017\/10\/bonito-pernambuco26-400x266.jpg 400w\" alt=\"\" width=\"650\" height=\"433\" \/><\/p>\n<div class=\"seedtag-gohan seedtag-adunit\"><img loading=\"lazy\" decoding=\"async\" class=\"size-full wp-image-18621 aligncenter\" src=\"https:\/\/cache.quantocustaviajar.com\/blog\/wp-content\/uploads\/2017\/10\/bonito-pernambuco3.jpg\" sizes=\"(max-width: 650px) 96vw, 650px\" srcset=\"https:\/\/cache.quantocustaviajar.com\/blog\/wp-content\/uploads\/2017\/10\/bonito-pernambuco3.jpg 650w, https:\/\/cache.quantocustaviajar.com\/blog\/wp-content\/uploads\/2017\/10\/bonito-pernambuco3-150x150.jpg 150w, https:\/\/cache.quantocustaviajar.com\/blog\/wp-content\/uploads\/2017\/10\/bonito-pernambuco3-300x300.jpg 300w, https:\/\/cache.quantocustaviajar.com\/blog\/wp-content\/uploads\/2017\/10\/bonito-pernambuco3-400x400.jpg 400w, https:\/\/cache.quantocustaviajar.com\/blog\/wp-content\/uploads\/2017\/10\/bonito-pernambuco3-177x177.jpg 177w, https:\/\/cache.quantocustaviajar.com\/blog\/wp-content\/uploads\/2017\/10\/bonito-pernambuco3-380x380.jpg 380w\" alt=\"\" width=\"650\" height=\"650\" \/><\/div>\n<p><img loading=\"lazy\" decoding=\"async\" class=\"size-full wp-image-18622 aligncenter\" src=\"https:\/\/cache.quantocustaviajar.com\/blog\/wp-content\/uploads\/2017\/10\/bonito-pernambuco5.jpg\" sizes=\"(max-width: 650px) 96vw, 650px\" srcset=\"https:\/\/cache.quantocustaviajar.com\/blog\/wp-content\/uploads\/2017\/10\/bonito-pernambuco5.jpg 650w, https:\/\/cache.quantocustaviajar.com\/blog\/wp-content\/uploads\/2017\/10\/bonito-pernambuco5-240x300.jpg 240w, https:\/\/cache.quantocustaviajar.com\/blog\/wp-content\/uploads\/2017\/10\/bonito-pernambuco5-400x500.jpg 400w\" alt=\"\" width=\"650\" height=\"813\" \/><\/p>\n<p><img loading=\"lazy\" decoding=\"async\" class=\"size-full wp-image-18627 aligncenter\" src=\"https:\/\/cache.quantocustaviajar.com\/blog\/wp-content\/uploads\/2017\/10\/bonito-pernambuco15.jpg\" sizes=\"(max-width: 650px) 96vw, 650px\" srcset=\"https:\/\/cache.quantocustaviajar.com\/blog\/wp-content\/uploads\/2017\/10\/bonito-pernambuco15.jpg 650w, https:\/\/cache.quantocustaviajar.com\/blog\/wp-content\/uploads\/2017\/10\/bonito-pernambuco15-300x200.jpg 300w, https:\/\/cache.quantocustaviajar.com\/blog\/wp-content\/uploads\/2017\/10\/bonito-pernambuco15-400x266.jpg 400w\" alt=\"\" width=\"650\" height=\"433\" \/><\/p>\n<p><em>Post por <strong>Brunella Nunes<\/strong><br \/>\nFotos via <a href=\"http:\/\/www.bonitoecoparque.com.br\/\" target=\"_blank\" rel=\"noopener noreferrer\">Bonito Ecoparque<\/a>\/<a href=\"http:\/\/www.engenhopedrarodeadouro.com.br\/portal\/\" target=\"_blank\" rel=\"noopener noreferrer\">Hotel Fazenda Engenho de Pedra<\/a>\/Expedi\u00e7\u00e3o Adventure<br \/>\nDestaque: <a href=\"http:\/\/bonitorapel.blogspot.com.br\/\" target=\"_blank\" rel=\"noopener noreferrer\">Bonito Rapel<\/a>\u00a0<\/em><\/p>\n<\/div>\n","protected":false},"excerpt":{"rendered":"<p>O Governador do Estado de Pernambuco. Paulo C\u00e2mara, confirmou presen\u00e7a do Encontro Nacional de Legislativos Municipais, que acontece entre os&#8230;<\/p>\n","protected":false},"author":1,"featured_media":11117,"comment_status":"open","ping_status":"open","sticky":false,"template":"","format":"standard","meta":{"footnotes":""},"categories":[3,4],"tags":[],"class_list":["post-11116","post","type-post","status-publish","format-standard","has-post-thumbnail","hentry","category-noticias","category-home"],"yoast_head":"<!-- This site is optimized with the Yoast SEO plugin v26.7 - https:\/\/yoast.com\/wordpress\/plugins\/seo\/ -->\n<title>Governador de Pernambuco confirmado no Encontro em Bonito - UVB Brasil<\/title>\n<meta name=\"robots\" content=\"index, follow, max-snippet:-1, max-image-preview:large, max-video-preview:-1\" \/>\n<link rel=\"canonical\" href=\"https:\/\/uvbbrasil.com.br\/governador-de-pernambuco-confirmado-no-encontro-em-bonito\/\" \/>\n<meta property=\"og:locale\" content=\"pt_BR\" \/>\n<meta property=\"og:type\" content=\"article\" \/>\n<meta property=\"og:title\" content=\"Governador de Pernambuco confirmado no Encontro em Bonito - UVB Brasil\" \/>\n<meta property=\"og:description\" content=\"O Governador do Estado de Pernambuco. Paulo C\u00e2mara, confirmou presen\u00e7a do Encontro Nacional de Legislativos Municipais, que acontece entre os...\" \/>\n<meta property=\"og:url\" content=\"https:\/\/uvbbrasil.com.br\/governador-de-pernambuco-confirmado-no-encontro-em-bonito\/\" \/>\n<meta property=\"og:site_name\" content=\"UVB Brasil\" \/>\n<meta property=\"article:publisher\" content=\"https:\/\/www.facebook.com\/uvb.vereadoresbrasil\" \/>\n<meta property=\"article:published_time\" content=\"2018-05-25T15:40:32+00:00\" \/>\n<meta property=\"og:image\" content=\"https:\/\/uvbbrasil.com.br\/wp-content\/uploads\/2018\/05\/governador-paulo-camara.jpg\" \/>\n\t<meta property=\"og:image:width\" content=\"800\" \/>\n\t<meta property=\"og:image:height\" content=\"619\" \/>\n\t<meta property=\"og:image:type\" content=\"image\/jpeg\" \/>\n<meta name=\"author\" content=\"adminuvb\" \/>\n<meta name=\"twitter:card\" content=\"summary_large_image\" \/>\n<meta name=\"twitter:label1\" content=\"Escrito por\" \/>\n\t<meta name=\"twitter:data1\" content=\"adminuvb\" \/>\n\t<meta name=\"twitter:label2\" content=\"Est. tempo de leitura\" \/>\n\t<meta name=\"twitter:data2\" content=\"2 minutos\" \/>\n<script type=\"application\/ld+json\" class=\"yoast-schema-graph\">{\"@context\":\"https:\/\/schema.org\",\"@graph\":[{\"@type\":\"Article\",\"@id\":\"https:\/\/uvbbrasil.com.br\/governador-de-pernambuco-confirmado-no-encontro-em-bonito\/#article\",\"isPartOf\":{\"@id\":\"https:\/\/uvbbrasil.com.br\/governador-de-pernambuco-confirmado-no-encontro-em-bonito\/\"},\"author\":{\"name\":\"adminuvb\",\"@id\":\"https:\/\/uvbbrasil.com.br\/#\/schema\/person\/17990098446c098f52effddff4f1b272\"},\"headline\":\"Governador de Pernambuco confirmado no Encontro em Bonito\",\"datePublished\":\"2018-05-25T15:40:32+00:00\",\"mainEntityOfPage\":{\"@id\":\"https:\/\/uvbbrasil.com.br\/governador-de-pernambuco-confirmado-no-encontro-em-bonito\/\"},\"wordCount\":432,\"commentCount\":0,\"publisher\":{\"@id\":\"https:\/\/uvbbrasil.com.br\/#organization\"},\"image\":{\"@id\":\"https:\/\/uvbbrasil.com.br\/governador-de-pernambuco-confirmado-no-encontro-em-bonito\/#primaryimage\"},\"thumbnailUrl\":\"https:\/\/uvbbrasil.com.br\/wp-content\/uploads\/2018\/05\/governador-paulo-camara.jpg\",\"articleSection\":[\"NOT\u00cdCIAS\",\"UVB\"],\"inLanguage\":\"pt-BR\",\"potentialAction\":[{\"@type\":\"CommentAction\",\"name\":\"Comment\",\"target\":[\"https:\/\/uvbbrasil.com.br\/governador-de-pernambuco-confirmado-no-encontro-em-bonito\/#respond\"]}]},{\"@type\":\"WebPage\",\"@id\":\"https:\/\/uvbbrasil.com.br\/governador-de-pernambuco-confirmado-no-encontro-em-bonito\/\",\"url\":\"https:\/\/uvbbrasil.com.br\/governador-de-pernambuco-confirmado-no-encontro-em-bonito\/\",\"name\":\"Governador de Pernambuco confirmado no Encontro em Bonito - UVB Brasil\",\"isPartOf\":{\"@id\":\"https:\/\/uvbbrasil.com.br\/#website\"},\"primaryImageOfPage\":{\"@id\":\"https:\/\/uvbbrasil.com.br\/governador-de-pernambuco-confirmado-no-encontro-em-bonito\/#primaryimage\"},\"image\":{\"@id\":\"https:\/\/uvbbrasil.com.br\/governador-de-pernambuco-confirmado-no-encontro-em-bonito\/#primaryimage\"},\"thumbnailUrl\":\"https:\/\/uvbbrasil.com.br\/wp-content\/uploads\/2018\/05\/governador-paulo-camara.jpg\",\"datePublished\":\"2018-05-25T15:40:32+00:00\",\"breadcrumb\":{\"@id\":\"https:\/\/uvbbrasil.com.br\/governador-de-pernambuco-confirmado-no-encontro-em-bonito\/#breadcrumb\"},\"inLanguage\":\"pt-BR\",\"potentialAction\":[{\"@type\":\"ReadAction\",\"target\":[\"https:\/\/uvbbrasil.com.br\/governador-de-pernambuco-confirmado-no-encontro-em-bonito\/\"]}]},{\"@type\":\"ImageObject\",\"inLanguage\":\"pt-BR\",\"@id\":\"https:\/\/uvbbrasil.com.br\/governador-de-pernambuco-confirmado-no-encontro-em-bonito\/#primaryimage\",\"url\":\"https:\/\/uvbbrasil.com.br\/wp-content\/uploads\/2018\/05\/governador-paulo-camara.jpg\",\"contentUrl\":\"https:\/\/uvbbrasil.com.br\/wp-content\/uploads\/2018\/05\/governador-paulo-camara.jpg\",\"width\":800,\"height\":619},{\"@type\":\"BreadcrumbList\",\"@id\":\"https:\/\/uvbbrasil.com.br\/governador-de-pernambuco-confirmado-no-encontro-em-bonito\/#breadcrumb\",\"itemListElement\":[{\"@type\":\"ListItem\",\"position\":1,\"name\":\"In\u00edcio\",\"item\":\"https:\/\/uvbbrasil.com.br\/\"},{\"@type\":\"ListItem\",\"position\":2,\"name\":\"Governador de Pernambuco confirmado no Encontro em Bonito\"}]},{\"@type\":\"WebSite\",\"@id\":\"https:\/\/uvbbrasil.com.br\/#website\",\"url\":\"https:\/\/uvbbrasil.com.br\/\",\"name\":\"UVB Brasil\",\"description\":\"Uni\u00e3o dos Vereadores do Brasil\",\"publisher\":{\"@id\":\"https:\/\/uvbbrasil.com.br\/#organization\"},\"potentialAction\":[{\"@type\":\"SearchAction\",\"target\":{\"@type\":\"EntryPoint\",\"urlTemplate\":\"https:\/\/uvbbrasil.com.br\/?s={search_term_string}\"},\"query-input\":{\"@type\":\"PropertyValueSpecification\",\"valueRequired\":true,\"valueName\":\"search_term_string\"}}],\"inLanguage\":\"pt-BR\"},{\"@type\":\"Organization\",\"@id\":\"https:\/\/uvbbrasil.com.br\/#organization\",\"name\":\"UVB Brasil\",\"url\":\"https:\/\/uvbbrasil.com.br\/\",\"logo\":{\"@type\":\"ImageObject\",\"inLanguage\":\"pt-BR\",\"@id\":\"https:\/\/uvbbrasil.com.br\/#\/schema\/logo\/image\/\",\"url\":\"https:\/\/uvbbrasil.com.br\/wp-content\/uploads\/2025\/01\/LOGO-UVB-2024-azul-1.jpg\",\"contentUrl\":\"https:\/\/uvbbrasil.com.br\/wp-content\/uploads\/2025\/01\/LOGO-UVB-2024-azul-1.jpg\",\"width\":600,\"height\":211,\"caption\":\"UVB Brasil\"},\"image\":{\"@id\":\"https:\/\/uvbbrasil.com.br\/#\/schema\/logo\/image\/\"},\"sameAs\":[\"https:\/\/www.facebook.com\/uvb.vereadoresbrasil\",\"https:\/\/www.instagram.com\/uvbbrasil\/\",\"https:\/\/www.youtube.com\/channel\/UCIlPQ8Xzw5GHNzosQIg9S5A\"]},{\"@type\":\"Person\",\"@id\":\"https:\/\/uvbbrasil.com.br\/#\/schema\/person\/17990098446c098f52effddff4f1b272\",\"name\":\"adminuvb\",\"image\":{\"@type\":\"ImageObject\",\"inLanguage\":\"pt-BR\",\"@id\":\"https:\/\/uvbbrasil.com.br\/#\/schema\/person\/image\/\",\"url\":\"https:\/\/secure.gravatar.com\/avatar\/1a494ea6f8e2dd1ae526e55b0e9497efdba542491e0620d704cccf63c6f77c45?s=96&d=mm&r=g\",\"contentUrl\":\"https:\/\/secure.gravatar.com\/avatar\/1a494ea6f8e2dd1ae526e55b0e9497efdba542491e0620d704cccf63c6f77c45?s=96&d=mm&r=g\",\"caption\":\"adminuvb\"},\"sameAs\":[\"https:\/\/uvbbrasil.com.br\"],\"url\":\"https:\/\/uvbbrasil.com.br\/author\/adminuvb\/\"}]}<\/script>\n<!-- \/ Yoast SEO plugin. -->","yoast_head_json":{"title":"Governador de Pernambuco confirmado no Encontro em Bonito - UVB Brasil","robots":{"index":"index","follow":"follow","max-snippet":"max-snippet:-1","max-image-preview":"max-image-preview:large","max-video-preview":"max-video-preview:-1"},"canonical":"https:\/\/uvbbrasil.com.br\/governador-de-pernambuco-confirmado-no-encontro-em-bonito\/","og_locale":"pt_BR","og_type":"article","og_title":"Governador de Pernambuco confirmado no Encontro em Bonito - UVB Brasil","og_description":"O Governador do Estado de Pernambuco. Paulo C\u00e2mara, confirmou presen\u00e7a do Encontro Nacional de Legislativos Municipais, que acontece entre os...","og_url":"https:\/\/uvbbrasil.com.br\/governador-de-pernambuco-confirmado-no-encontro-em-bonito\/","og_site_name":"UVB Brasil","article_publisher":"https:\/\/www.facebook.com\/uvb.vereadoresbrasil","article_published_time":"2018-05-25T15:40:32+00:00","og_image":[{"width":800,"height":619,"url":"https:\/\/uvbbrasil.com.br\/wp-content\/uploads\/2018\/05\/governador-paulo-camara.jpg","type":"image\/jpeg"}],"author":"adminuvb","twitter_card":"summary_large_image","twitter_misc":{"Escrito por":"adminuvb","Est. tempo de leitura":"2 minutos"},"schema":{"@context":"https:\/\/schema.org","@graph":[{"@type":"Article","@id":"https:\/\/uvbbrasil.com.br\/governador-de-pernambuco-confirmado-no-encontro-em-bonito\/#article","isPartOf":{"@id":"https:\/\/uvbbrasil.com.br\/governador-de-pernambuco-confirmado-no-encontro-em-bonito\/"},"author":{"name":"adminuvb","@id":"https:\/\/uvbbrasil.com.br\/#\/schema\/person\/17990098446c098f52effddff4f1b272"},"headline":"Governador de Pernambuco confirmado no Encontro em Bonito","datePublished":"2018-05-25T15:40:32+00:00","mainEntityOfPage":{"@id":"https:\/\/uvbbrasil.com.br\/governador-de-pernambuco-confirmado-no-encontro-em-bonito\/"},"wordCount":432,"commentCount":0,"publisher":{"@id":"https:\/\/uvbbrasil.com.br\/#organization"},"image":{"@id":"https:\/\/uvbbrasil.com.br\/governador-de-pernambuco-confirmado-no-encontro-em-bonito\/#primaryimage"},"thumbnailUrl":"https:\/\/uvbbrasil.com.br\/wp-content\/uploads\/2018\/05\/governador-paulo-camara.jpg","articleSection":["NOT\u00cdCIAS","UVB"],"inLanguage":"pt-BR","potentialAction":[{"@type":"CommentAction","name":"Comment","target":["https:\/\/uvbbrasil.com.br\/governador-de-pernambuco-confirmado-no-encontro-em-bonito\/#respond"]}]},{"@type":"WebPage","@id":"https:\/\/uvbbrasil.com.br\/governador-de-pernambuco-confirmado-no-encontro-em-bonito\/","url":"https:\/\/uvbbrasil.com.br\/governador-de-pernambuco-confirmado-no-encontro-em-bonito\/","name":"Governador de Pernambuco confirmado no Encontro em Bonito - UVB Brasil","isPartOf":{"@id":"https:\/\/uvbbrasil.com.br\/#website"},"primaryImageOfPage":{"@id":"https:\/\/uvbbrasil.com.br\/governador-de-pernambuco-confirmado-no-encontro-em-bonito\/#primaryimage"},"image":{"@id":"https:\/\/uvbbrasil.com.br\/governador-de-pernambuco-confirmado-no-encontro-em-bonito\/#primaryimage"},"thumbnailUrl":"https:\/\/uvbbrasil.com.br\/wp-content\/uploads\/2018\/05\/governador-paulo-camara.jpg","datePublished":"2018-05-25T15:40:32+00:00","breadcrumb":{"@id":"https:\/\/uvbbrasil.com.br\/governador-de-pernambuco-confirmado-no-encontro-em-bonito\/#breadcrumb"},"inLanguage":"pt-BR","potentialAction":[{"@type":"ReadAction","target":["https:\/\/uvbbrasil.com.br\/governador-de-pernambuco-confirmado-no-encontro-em-bonito\/"]}]},{"@type":"ImageObject","inLanguage":"pt-BR","@id":"https:\/\/uvbbrasil.com.br\/governador-de-pernambuco-confirmado-no-encontro-em-bonito\/#primaryimage","url":"https:\/\/uvbbrasil.com.br\/wp-content\/uploads\/2018\/05\/governador-paulo-camara.jpg","contentUrl":"https:\/\/uvbbrasil.com.br\/wp-content\/uploads\/2018\/05\/governador-paulo-camara.jpg","width":800,"height":619},{"@type":"BreadcrumbList","@id":"https:\/\/uvbbrasil.com.br\/governador-de-pernambuco-confirmado-no-encontro-em-bonito\/#breadcrumb","itemListElement":[{"@type":"ListItem","position":1,"name":"In\u00edcio","item":"https:\/\/uvbbrasil.com.br\/"},{"@type":"ListItem","position":2,"name":"Governador de Pernambuco confirmado no Encontro em Bonito"}]},{"@type":"WebSite","@id":"https:\/\/uvbbrasil.com.br\/#website","url":"https:\/\/uvbbrasil.com.br\/","name":"UVB Brasil","description":"Uni\u00e3o dos Vereadores do Brasil","publisher":{"@id":"https:\/\/uvbbrasil.com.br\/#organization"},"potentialAction":[{"@type":"SearchAction","target":{"@type":"EntryPoint","urlTemplate":"https:\/\/uvbbrasil.com.br\/?s={search_term_string}"},"query-input":{"@type":"PropertyValueSpecification","valueRequired":true,"valueName":"search_term_string"}}],"inLanguage":"pt-BR"},{"@type":"Organization","@id":"https:\/\/uvbbrasil.com.br\/#organization","name":"UVB Brasil","url":"https:\/\/uvbbrasil.com.br\/","logo":{"@type":"ImageObject","inLanguage":"pt-BR","@id":"https:\/\/uvbbrasil.com.br\/#\/schema\/logo\/image\/","url":"https:\/\/uvbbrasil.com.br\/wp-content\/uploads\/2025\/01\/LOGO-UVB-2024-azul-1.jpg","contentUrl":"https:\/\/uvbbrasil.com.br\/wp-content\/uploads\/2025\/01\/LOGO-UVB-2024-azul-1.jpg","width":600,"height":211,"caption":"UVB Brasil"},"image":{"@id":"https:\/\/uvbbrasil.com.br\/#\/schema\/logo\/image\/"},"sameAs":["https:\/\/www.facebook.com\/uvb.vereadoresbrasil","https:\/\/www.instagram.com\/uvbbrasil\/","https:\/\/www.youtube.com\/channel\/UCIlPQ8Xzw5GHNzosQIg9S5A"]},{"@type":"Person","@id":"https:\/\/uvbbrasil.com.br\/#\/schema\/person\/17990098446c098f52effddff4f1b272","name":"adminuvb","image":{"@type":"ImageObject","inLanguage":"pt-BR","@id":"https:\/\/uvbbrasil.com.br\/#\/schema\/person\/image\/","url":"https:\/\/secure.gravatar.com\/avatar\/1a494ea6f8e2dd1ae526e55b0e9497efdba542491e0620d704cccf63c6f77c45?s=96&d=mm&r=g","contentUrl":"https:\/\/secure.gravatar.com\/avatar\/1a494ea6f8e2dd1ae526e55b0e9497efdba542491e0620d704cccf63c6f77c45?s=96&d=mm&r=g","caption":"adminuvb"},"sameAs":["https:\/\/uvbbrasil.com.br"],"url":"https:\/\/uvbbrasil.com.br\/author\/adminuvb\/"}]}},"_links":{"self":[{"href":"https:\/\/uvbbrasil.com.br\/uvb-json\/wp\/v2\/posts\/11116","targetHints":{"allow":["GET"]}}],"collection":[{"href":"https:\/\/uvbbrasil.com.br\/uvb-json\/wp\/v2\/posts"}],"about":[{"href":"https:\/\/uvbbrasil.com.br\/uvb-json\/wp\/v2\/types\/post"}],"author":[{"embeddable":true,"href":"https:\/\/uvbbrasil.com.br\/uvb-json\/wp\/v2\/users\/1"}],"replies":[{"embeddable":true,"href":"https:\/\/uvbbrasil.com.br\/uvb-json\/wp\/v2\/comments?post=11116"}],"version-history":[{"count":0,"href":"https:\/\/uvbbrasil.com.br\/uvb-json\/wp\/v2\/posts\/11116\/revisions"}],"wp:featuredmedia":[{"embeddable":true,"href":"https:\/\/uvbbrasil.com.br\/uvb-json\/wp\/v2\/media\/11117"}],"wp:attachment":[{"href":"https:\/\/uvbbrasil.com.br\/uvb-json\/wp\/v2\/media?parent=11116"}],"wp:term":[{"taxonomy":"category","embeddable":true,"href":"https:\/\/uvbbrasil.com.br\/uvb-json\/wp\/v2\/categories?post=11116"},{"taxonomy":"post_tag","embeddable":true,"href":"https:\/\/uvbbrasil.com.br\/uvb-json\/wp\/v2\/tags?post=11116"}],"curies":[{"name":"wp","href":"https:\/\/api.w.org\/{rel}","templated":true}]}}