{"id":10650,"date":"2018-06-27T00:46:25","date_gmt":"2018-06-27T03:46:25","guid":{"rendered":"https:\/\/wpsandbox4.pante.com.br\/?p=10650"},"modified":"2018-06-27T00:46:25","modified_gmt":"2018-06-27T03:46:25","slug":"quer-saber-como-se-arrecada-mais-jeanine-vai-te-contar-na-marcha","status":"publish","type":"post","link":"https:\/\/uvbbrasil.com.br\/quer-saber-como-se-arrecada-mais-jeanine-vai-te-contar-na-marcha\/","title":{"rendered":"1\u00b0 Municipaliza vai discutir como os munic\u00edpios podem arrecadar mais"},"content":{"rendered":"<p>Com a Palestra O\u00a0Incremento da Arrecada\u00e7\u00e3o Atrav\u00e9s da Gest\u00e3o Tribut\u00e1ria Municipal, a advogada, professora e escritora em Direito Tribut\u00e1rio, vice presidente do Conselho de Secret\u00e1rios Municipais de Fazenda e Finan\u00e7as \u2013 CONSEF\/RS, vai motivar maior arrecada\u00e7\u00e3o municipal, Jeanine Benkenstein, vai se apresentar no 1\u00b0 Municipaliza Brasil que acontece de 03 a 06 de julho em Porto Alegre. A palestra acontece dia 04, as 16 horas, no Hotel Everest.<img fetchpriority=\"high\" decoding=\"async\" class=\"aligncenter wp-image-2409\" src=\"https:\/\/uvbbrasil.com.br\/wp-content\/uploads\/2015\/12\/DSCN9924.jpg\" sizes=\"(max-width: 399px) 100vw, 399px\" srcset=\"https:\/\/uvbbrasil.com.br\/wp-content\/uploads\/2015\/12\/DSCN9924.jpg 3648w, https:\/\/uvbbrasil.com.br\/wp-content\/uploads\/2015\/12\/DSCN9924-300x225.jpg 300w, https:\/\/uvbbrasil.com.br\/wp-content\/uploads\/2015\/12\/DSCN9924-1024x768.jpg 1024w\" alt=\"\" width=\"399\" height=\"300\" \/><\/p>\n<div class=\"body\">\n<h1 class=\"heading name\">Jeanine Cristiane Benkenstein<\/h1>\n<\/div>\n<div class=\"box -flushHorizontal\">\n<div class=\"adsense -left\">\u00a0Advogada, professora e consultora em Direito Administrativo e Tribut\u00e1rio municipal, \u00e9 graduada em Ci\u00eancias Jur\u00eddicas e Sociais pela UNISINOS; \u00e9 especialista em Gest\u00e3o Tribut\u00e1ria pela UNISINOS; \u00e9 Mestra em Direito, com \u00e1rea de concentra\u00e7\u00e3o em Gest\u00e3o de Pol\u00edticas P\u00fablicas de Inclus\u00e3o Social pela UNISC; atuou como Assessora da Procuradoria Municipal (1998-2000); Agente Tribut\u00e1rio Municipal (2000 a 2003); atuou como Assessora de Tributa\u00e7\u00e3o Imobili\u00e1ria Municipal (2005 a 2007); atuou como Relatora e Vice-Presidente da Junta de Recursos Fiscais (2005 a 2008); atuou como Presidente da Comiss\u00e3o de Remiss\u00e3o Tribut\u00e1ria Municipal (2005 a 2007); Atuou como Assessora Jur\u00eddica da Administra\u00e7\u00e3o P\u00fablica Municipal (2011)Atuou como Coordenadora em Gest\u00e3o Tribut\u00e1ria Municipal (2011 a 2012); atuou na Presid\u00eancia do Conselho Municipal de Contribuintes (2011 a 2012); \u00e9 Coordenadora e professora da especializa\u00e7\u00e3o em Direito Empresarial e Tribut\u00e1rio da IMED\/Porto Alegre\/RS; \u00e9 professora convidada dos cursos de Direito Administrativo e Tributa\u00e7\u00e3o Municipal, D\u00edvida Ativa e Processo Tribut\u00e1rio Administrativo e Judicial tribut\u00e1rio do Programa de P\u00f3s-gradua\u00e7\u00e3o\/especializa\u00e7\u00e3o em Gest\u00e3o e Direito Tribut\u00e1rio da Universidade do Vale do Rio dos Sinos\/UNISINOS; dos cursos de especializa\u00e7\u00e3o da UNIRITER LAUREATE INTERNACIONAL UNIVERSITES; da especializa\u00e7\u00e3o do instituto Educacional Santo Angelo &#8211; IESA; da especializa\u00e7\u00e3o em Tribut\u00e1rio da FMP\/AFISVEC; da P\u00f3s em Direito Empresarial e Tribut\u00e1rio da IMED\/Passo Fundo; da Faculdade IDC; do curso Greco\/Piva; do curso ISata\/SP; da Casa do Concurseiro; do Complexo EAD; \u00e9 autora de diversos artigos jur\u00eddicos publicados em livros, apresentados em Congressos Nacionais de P\u00f3s-Gradua\u00e7\u00e3o em Direito, sempre tendo como v\u00e9rtice as quest\u00f5es que envolvem o direito p\u00fablico, em especial Adminstra\u00e7\u00e3o P\u00fablica, pol\u00edticas p\u00fablicas, tributa\u00e7\u00e3o e educa\u00e7\u00e3o fiscal. \u00c9 disseminadora de Educa\u00e7\u00e3o Fiscal com forma\u00e7\u00e3o pela Escola Superior de Administra\u00e7\u00e3o Fazend\u00e1ria, da Receita Federal do Brasil. \u00c9 autora do projeto Educa\u00e7\u00e3o Fiscal: uma li\u00e7\u00e3o de cidadania. Atua em diversos munic\u00edpios na gest\u00e3o administrativa e tribut\u00e1ria.<img decoding=\"async\" class=\"aligncenter size-full wp-image-11340\" src=\"https:\/\/uvbbrasil.com.br\/wp-content\/uploads\/2018\/06\/municipaliza-Brasil.jpg\" alt=\"\" width=\"960\" height=\"960\" srcset=\"https:\/\/uvbbrasil.com.br\/wp-content\/uploads\/2018\/06\/municipaliza-Brasil.jpg 960w, https:\/\/uvbbrasil.com.br\/wp-content\/uploads\/2018\/06\/municipaliza-Brasil-300x300.jpg 300w, https:\/\/uvbbrasil.com.br\/wp-content\/uploads\/2018\/06\/municipaliza-Brasil-150x150.jpg 150w, https:\/\/uvbbrasil.com.br\/wp-content\/uploads\/2018\/06\/municipaliza-Brasil-768x768.jpg 768w\" sizes=\"(max-width: 960px) 100vw, 960px\" \/><\/div>\n<\/div>\n<p>&nbsp;<\/p>\n","protected":false},"excerpt":{"rendered":"<p>Com a Palestra O\u00a0Incremento da Arrecada\u00e7\u00e3o Atrav\u00e9s da Gest\u00e3o Tribut\u00e1ria Municipal, a advogada, professora e escritora em Direito Tribut\u00e1rio, vice&#8230;<\/p>\n","protected":false},"author":1,"featured_media":11422,"comment_status":"open","ping_status":"open","sticky":false,"template":"","format":"standard","meta":{"footnotes":""},"categories":[3,4],"tags":[],"class_list":["post-10650","post","type-post","status-publish","format-standard","has-post-thumbnail","hentry","category-noticias","category-home"],"yoast_head":"<!-- This site is optimized with the Yoast SEO plugin v27.5 - https:\/\/yoast.com\/product\/yoast-seo-wordpress\/ -->\n<title>1\u00b0 Municipaliza vai discutir como os munic\u00edpios podem arrecadar mais - UVB Brasil<\/title>\n<meta name=\"robots\" content=\"index, follow, max-snippet:-1, max-image-preview:large, max-video-preview:-1\" \/>\n<link rel=\"canonical\" href=\"https:\/\/uvbbrasil.com.br\/quer-saber-como-se-arrecada-mais-jeanine-vai-te-contar-na-marcha\/\" \/>\n<meta property=\"og:locale\" content=\"pt_BR\" \/>\n<meta property=\"og:type\" content=\"article\" \/>\n<meta property=\"og:title\" content=\"1\u00b0 Municipaliza vai discutir como os munic\u00edpios podem arrecadar mais - UVB Brasil\" \/>\n<meta property=\"og:description\" content=\"Com a Palestra O\u00a0Incremento da Arrecada\u00e7\u00e3o Atrav\u00e9s da Gest\u00e3o Tribut\u00e1ria Municipal, a advogada, professora e escritora em Direito Tribut\u00e1rio, vice...\" \/>\n<meta property=\"og:url\" content=\"https:\/\/uvbbrasil.com.br\/quer-saber-como-se-arrecada-mais-jeanine-vai-te-contar-na-marcha\/\" \/>\n<meta property=\"og:site_name\" content=\"UVB Brasil\" \/>\n<meta property=\"article:publisher\" content=\"https:\/\/www.facebook.com\/uvb.vereadoresbrasil\" \/>\n<meta property=\"article:published_time\" content=\"2018-06-27T03:46:25+00:00\" \/>\n<meta property=\"og:image\" content=\"https:\/\/uvbbrasil.com.br\/wp-content\/uploads\/2018\/04\/Jeanine-Benkenstein.jpg\" \/>\n\t<meta property=\"og:image:width\" content=\"449\" \/>\n\t<meta property=\"og:image:height\" content=\"658\" \/>\n\t<meta property=\"og:image:type\" content=\"image\/jpeg\" \/>\n<meta name=\"author\" content=\"adminuvb\" \/>\n<meta name=\"twitter:card\" content=\"summary_large_image\" \/>\n<meta name=\"twitter:label1\" content=\"Escrito por\" \/>\n\t<meta name=\"twitter:data1\" content=\"adminuvb\" \/>\n\t<meta name=\"twitter:label2\" content=\"Est. tempo de leitura\" \/>\n\t<meta name=\"twitter:data2\" content=\"2 minutos\" \/>\n<script type=\"application\/ld+json\" class=\"yoast-schema-graph\">{\"@context\":\"https:\\\/\\\/schema.org\",\"@graph\":[{\"@type\":\"Article\",\"@id\":\"https:\\\/\\\/uvbbrasil.com.br\\\/quer-saber-como-se-arrecada-mais-jeanine-vai-te-contar-na-marcha\\\/#article\",\"isPartOf\":{\"@id\":\"https:\\\/\\\/uvbbrasil.com.br\\\/quer-saber-como-se-arrecada-mais-jeanine-vai-te-contar-na-marcha\\\/\"},\"author\":{\"name\":\"adminuvb\",\"@id\":\"https:\\\/\\\/uvbbrasil.com.br\\\/#\\\/schema\\\/person\\\/17990098446c098f52effddff4f1b272\"},\"headline\":\"1\u00b0 Municipaliza vai discutir como os munic\u00edpios podem arrecadar mais\",\"datePublished\":\"2018-06-27T03:46:25+00:00\",\"mainEntityOfPage\":{\"@id\":\"https:\\\/\\\/uvbbrasil.com.br\\\/quer-saber-como-se-arrecada-mais-jeanine-vai-te-contar-na-marcha\\\/\"},\"wordCount\":431,\"commentCount\":0,\"publisher\":{\"@id\":\"https:\\\/\\\/uvbbrasil.com.br\\\/#organization\"},\"image\":{\"@id\":\"https:\\\/\\\/uvbbrasil.com.br\\\/quer-saber-como-se-arrecada-mais-jeanine-vai-te-contar-na-marcha\\\/#primaryimage\"},\"thumbnailUrl\":\"https:\\\/\\\/uvbbrasil.com.br\\\/wp-content\\\/uploads\\\/2018\\\/04\\\/Jeanine-Benkenstein.jpg\",\"articleSection\":[\"NOT\u00cdCIAS\",\"UVB\"],\"inLanguage\":\"pt-BR\",\"potentialAction\":[{\"@type\":\"CommentAction\",\"name\":\"Comment\",\"target\":[\"https:\\\/\\\/uvbbrasil.com.br\\\/quer-saber-como-se-arrecada-mais-jeanine-vai-te-contar-na-marcha\\\/#respond\"]}]},{\"@type\":\"WebPage\",\"@id\":\"https:\\\/\\\/uvbbrasil.com.br\\\/quer-saber-como-se-arrecada-mais-jeanine-vai-te-contar-na-marcha\\\/\",\"url\":\"https:\\\/\\\/uvbbrasil.com.br\\\/quer-saber-como-se-arrecada-mais-jeanine-vai-te-contar-na-marcha\\\/\",\"name\":\"1\u00b0 Municipaliza vai discutir como os munic\u00edpios podem arrecadar mais - UVB Brasil\",\"isPartOf\":{\"@id\":\"https:\\\/\\\/uvbbrasil.com.br\\\/#website\"},\"primaryImageOfPage\":{\"@id\":\"https:\\\/\\\/uvbbrasil.com.br\\\/quer-saber-como-se-arrecada-mais-jeanine-vai-te-contar-na-marcha\\\/#primaryimage\"},\"image\":{\"@id\":\"https:\\\/\\\/uvbbrasil.com.br\\\/quer-saber-como-se-arrecada-mais-jeanine-vai-te-contar-na-marcha\\\/#primaryimage\"},\"thumbnailUrl\":\"https:\\\/\\\/uvbbrasil.com.br\\\/wp-content\\\/uploads\\\/2018\\\/04\\\/Jeanine-Benkenstein.jpg\",\"datePublished\":\"2018-06-27T03:46:25+00:00\",\"breadcrumb\":{\"@id\":\"https:\\\/\\\/uvbbrasil.com.br\\\/quer-saber-como-se-arrecada-mais-jeanine-vai-te-contar-na-marcha\\\/#breadcrumb\"},\"inLanguage\":\"pt-BR\",\"potentialAction\":[{\"@type\":\"ReadAction\",\"target\":[\"https:\\\/\\\/uvbbrasil.com.br\\\/quer-saber-como-se-arrecada-mais-jeanine-vai-te-contar-na-marcha\\\/\"]}]},{\"@type\":\"ImageObject\",\"inLanguage\":\"pt-BR\",\"@id\":\"https:\\\/\\\/uvbbrasil.com.br\\\/quer-saber-como-se-arrecada-mais-jeanine-vai-te-contar-na-marcha\\\/#primaryimage\",\"url\":\"https:\\\/\\\/uvbbrasil.com.br\\\/wp-content\\\/uploads\\\/2018\\\/04\\\/Jeanine-Benkenstein.jpg\",\"contentUrl\":\"https:\\\/\\\/uvbbrasil.com.br\\\/wp-content\\\/uploads\\\/2018\\\/04\\\/Jeanine-Benkenstein.jpg\",\"width\":449,\"height\":658},{\"@type\":\"BreadcrumbList\",\"@id\":\"https:\\\/\\\/uvbbrasil.com.br\\\/quer-saber-como-se-arrecada-mais-jeanine-vai-te-contar-na-marcha\\\/#breadcrumb\",\"itemListElement\":[{\"@type\":\"ListItem\",\"position\":1,\"name\":\"In\u00edcio\",\"item\":\"https:\\\/\\\/uvbbrasil.com.br\\\/\"},{\"@type\":\"ListItem\",\"position\":2,\"name\":\"1\u00b0 Municipaliza vai discutir como os munic\u00edpios podem arrecadar mais\"}]},{\"@type\":\"WebSite\",\"@id\":\"https:\\\/\\\/uvbbrasil.com.br\\\/#website\",\"url\":\"https:\\\/\\\/uvbbrasil.com.br\\\/\",\"name\":\"UVB Brasil\",\"description\":\"Uni\u00e3o dos Vereadores do Brasil\",\"publisher\":{\"@id\":\"https:\\\/\\\/uvbbrasil.com.br\\\/#organization\"},\"potentialAction\":[{\"@type\":\"SearchAction\",\"target\":{\"@type\":\"EntryPoint\",\"urlTemplate\":\"https:\\\/\\\/uvbbrasil.com.br\\\/?s={search_term_string}\"},\"query-input\":{\"@type\":\"PropertyValueSpecification\",\"valueRequired\":true,\"valueName\":\"search_term_string\"}}],\"inLanguage\":\"pt-BR\"},{\"@type\":\"Organization\",\"@id\":\"https:\\\/\\\/uvbbrasil.com.br\\\/#organization\",\"name\":\"UVB Brasil\",\"url\":\"https:\\\/\\\/uvbbrasil.com.br\\\/\",\"logo\":{\"@type\":\"ImageObject\",\"inLanguage\":\"pt-BR\",\"@id\":\"https:\\\/\\\/uvbbrasil.com.br\\\/#\\\/schema\\\/logo\\\/image\\\/\",\"url\":\"https:\\\/\\\/uvbbrasil.com.br\\\/wp-content\\\/uploads\\\/2025\\\/01\\\/LOGO-UVB-2024-azul-1.jpg\",\"contentUrl\":\"https:\\\/\\\/uvbbrasil.com.br\\\/wp-content\\\/uploads\\\/2025\\\/01\\\/LOGO-UVB-2024-azul-1.jpg\",\"width\":600,\"height\":211,\"caption\":\"UVB Brasil\"},\"image\":{\"@id\":\"https:\\\/\\\/uvbbrasil.com.br\\\/#\\\/schema\\\/logo\\\/image\\\/\"},\"sameAs\":[\"https:\\\/\\\/www.facebook.com\\\/uvb.vereadoresbrasil\",\"https:\\\/\\\/www.instagram.com\\\/uvbbrasil\\\/\",\"https:\\\/\\\/www.youtube.com\\\/channel\\\/UCIlPQ8Xzw5GHNzosQIg9S5A\"]},{\"@type\":\"Person\",\"@id\":\"https:\\\/\\\/uvbbrasil.com.br\\\/#\\\/schema\\\/person\\\/17990098446c098f52effddff4f1b272\",\"name\":\"adminuvb\",\"image\":{\"@type\":\"ImageObject\",\"inLanguage\":\"pt-BR\",\"@id\":\"https:\\\/\\\/secure.gravatar.com\\\/avatar\\\/1a494ea6f8e2dd1ae526e55b0e9497efdba542491e0620d704cccf63c6f77c45?s=96&d=mm&r=g\",\"url\":\"https:\\\/\\\/secure.gravatar.com\\\/avatar\\\/1a494ea6f8e2dd1ae526e55b0e9497efdba542491e0620d704cccf63c6f77c45?s=96&d=mm&r=g\",\"contentUrl\":\"https:\\\/\\\/secure.gravatar.com\\\/avatar\\\/1a494ea6f8e2dd1ae526e55b0e9497efdba542491e0620d704cccf63c6f77c45?s=96&d=mm&r=g\",\"caption\":\"adminuvb\"},\"sameAs\":[\"https:\\\/\\\/uvbbrasil.com.br\"],\"url\":\"https:\\\/\\\/uvbbrasil.com.br\\\/author\\\/adminuvb\\\/\"}]}<\/script>\n<!-- \/ Yoast SEO plugin. -->","yoast_head_json":{"title":"1\u00b0 Municipaliza vai discutir como os munic\u00edpios podem arrecadar mais - UVB Brasil","robots":{"index":"index","follow":"follow","max-snippet":"max-snippet:-1","max-image-preview":"max-image-preview:large","max-video-preview":"max-video-preview:-1"},"canonical":"https:\/\/uvbbrasil.com.br\/quer-saber-como-se-arrecada-mais-jeanine-vai-te-contar-na-marcha\/","og_locale":"pt_BR","og_type":"article","og_title":"1\u00b0 Municipaliza vai discutir como os munic\u00edpios podem arrecadar mais - UVB Brasil","og_description":"Com a Palestra O\u00a0Incremento da Arrecada\u00e7\u00e3o Atrav\u00e9s da Gest\u00e3o Tribut\u00e1ria Municipal, a advogada, professora e escritora em Direito Tribut\u00e1rio, vice...","og_url":"https:\/\/uvbbrasil.com.br\/quer-saber-como-se-arrecada-mais-jeanine-vai-te-contar-na-marcha\/","og_site_name":"UVB Brasil","article_publisher":"https:\/\/www.facebook.com\/uvb.vereadoresbrasil","article_published_time":"2018-06-27T03:46:25+00:00","og_image":[{"width":449,"height":658,"url":"https:\/\/uvbbrasil.com.br\/wp-content\/uploads\/2018\/04\/Jeanine-Benkenstein.jpg","type":"image\/jpeg"}],"author":"adminuvb","twitter_card":"summary_large_image","twitter_misc":{"Escrito por":"adminuvb","Est. tempo de leitura":"2 minutos"},"schema":{"@context":"https:\/\/schema.org","@graph":[{"@type":"Article","@id":"https:\/\/uvbbrasil.com.br\/quer-saber-como-se-arrecada-mais-jeanine-vai-te-contar-na-marcha\/#article","isPartOf":{"@id":"https:\/\/uvbbrasil.com.br\/quer-saber-como-se-arrecada-mais-jeanine-vai-te-contar-na-marcha\/"},"author":{"name":"adminuvb","@id":"https:\/\/uvbbrasil.com.br\/#\/schema\/person\/17990098446c098f52effddff4f1b272"},"headline":"1\u00b0 Municipaliza vai discutir como os munic\u00edpios podem arrecadar mais","datePublished":"2018-06-27T03:46:25+00:00","mainEntityOfPage":{"@id":"https:\/\/uvbbrasil.com.br\/quer-saber-como-se-arrecada-mais-jeanine-vai-te-contar-na-marcha\/"},"wordCount":431,"commentCount":0,"publisher":{"@id":"https:\/\/uvbbrasil.com.br\/#organization"},"image":{"@id":"https:\/\/uvbbrasil.com.br\/quer-saber-como-se-arrecada-mais-jeanine-vai-te-contar-na-marcha\/#primaryimage"},"thumbnailUrl":"https:\/\/uvbbrasil.com.br\/wp-content\/uploads\/2018\/04\/Jeanine-Benkenstein.jpg","articleSection":["NOT\u00cdCIAS","UVB"],"inLanguage":"pt-BR","potentialAction":[{"@type":"CommentAction","name":"Comment","target":["https:\/\/uvbbrasil.com.br\/quer-saber-como-se-arrecada-mais-jeanine-vai-te-contar-na-marcha\/#respond"]}]},{"@type":"WebPage","@id":"https:\/\/uvbbrasil.com.br\/quer-saber-como-se-arrecada-mais-jeanine-vai-te-contar-na-marcha\/","url":"https:\/\/uvbbrasil.com.br\/quer-saber-como-se-arrecada-mais-jeanine-vai-te-contar-na-marcha\/","name":"1\u00b0 Municipaliza vai discutir como os munic\u00edpios podem arrecadar mais - UVB Brasil","isPartOf":{"@id":"https:\/\/uvbbrasil.com.br\/#website"},"primaryImageOfPage":{"@id":"https:\/\/uvbbrasil.com.br\/quer-saber-como-se-arrecada-mais-jeanine-vai-te-contar-na-marcha\/#primaryimage"},"image":{"@id":"https:\/\/uvbbrasil.com.br\/quer-saber-como-se-arrecada-mais-jeanine-vai-te-contar-na-marcha\/#primaryimage"},"thumbnailUrl":"https:\/\/uvbbrasil.com.br\/wp-content\/uploads\/2018\/04\/Jeanine-Benkenstein.jpg","datePublished":"2018-06-27T03:46:25+00:00","breadcrumb":{"@id":"https:\/\/uvbbrasil.com.br\/quer-saber-como-se-arrecada-mais-jeanine-vai-te-contar-na-marcha\/#breadcrumb"},"inLanguage":"pt-BR","potentialAction":[{"@type":"ReadAction","target":["https:\/\/uvbbrasil.com.br\/quer-saber-como-se-arrecada-mais-jeanine-vai-te-contar-na-marcha\/"]}]},{"@type":"ImageObject","inLanguage":"pt-BR","@id":"https:\/\/uvbbrasil.com.br\/quer-saber-como-se-arrecada-mais-jeanine-vai-te-contar-na-marcha\/#primaryimage","url":"https:\/\/uvbbrasil.com.br\/wp-content\/uploads\/2018\/04\/Jeanine-Benkenstein.jpg","contentUrl":"https:\/\/uvbbrasil.com.br\/wp-content\/uploads\/2018\/04\/Jeanine-Benkenstein.jpg","width":449,"height":658},{"@type":"BreadcrumbList","@id":"https:\/\/uvbbrasil.com.br\/quer-saber-como-se-arrecada-mais-jeanine-vai-te-contar-na-marcha\/#breadcrumb","itemListElement":[{"@type":"ListItem","position":1,"name":"In\u00edcio","item":"https:\/\/uvbbrasil.com.br\/"},{"@type":"ListItem","position":2,"name":"1\u00b0 Municipaliza vai discutir como os munic\u00edpios podem arrecadar mais"}]},{"@type":"WebSite","@id":"https:\/\/uvbbrasil.com.br\/#website","url":"https:\/\/uvbbrasil.com.br\/","name":"UVB Brasil","description":"Uni\u00e3o dos Vereadores do Brasil","publisher":{"@id":"https:\/\/uvbbrasil.com.br\/#organization"},"potentialAction":[{"@type":"SearchAction","target":{"@type":"EntryPoint","urlTemplate":"https:\/\/uvbbrasil.com.br\/?s={search_term_string}"},"query-input":{"@type":"PropertyValueSpecification","valueRequired":true,"valueName":"search_term_string"}}],"inLanguage":"pt-BR"},{"@type":"Organization","@id":"https:\/\/uvbbrasil.com.br\/#organization","name":"UVB Brasil","url":"https:\/\/uvbbrasil.com.br\/","logo":{"@type":"ImageObject","inLanguage":"pt-BR","@id":"https:\/\/uvbbrasil.com.br\/#\/schema\/logo\/image\/","url":"https:\/\/uvbbrasil.com.br\/wp-content\/uploads\/2025\/01\/LOGO-UVB-2024-azul-1.jpg","contentUrl":"https:\/\/uvbbrasil.com.br\/wp-content\/uploads\/2025\/01\/LOGO-UVB-2024-azul-1.jpg","width":600,"height":211,"caption":"UVB Brasil"},"image":{"@id":"https:\/\/uvbbrasil.com.br\/#\/schema\/logo\/image\/"},"sameAs":["https:\/\/www.facebook.com\/uvb.vereadoresbrasil","https:\/\/www.instagram.com\/uvbbrasil\/","https:\/\/www.youtube.com\/channel\/UCIlPQ8Xzw5GHNzosQIg9S5A"]},{"@type":"Person","@id":"https:\/\/uvbbrasil.com.br\/#\/schema\/person\/17990098446c098f52effddff4f1b272","name":"adminuvb","image":{"@type":"ImageObject","inLanguage":"pt-BR","@id":"https:\/\/secure.gravatar.com\/avatar\/1a494ea6f8e2dd1ae526e55b0e9497efdba542491e0620d704cccf63c6f77c45?s=96&d=mm&r=g","url":"https:\/\/secure.gravatar.com\/avatar\/1a494ea6f8e2dd1ae526e55b0e9497efdba542491e0620d704cccf63c6f77c45?s=96&d=mm&r=g","contentUrl":"https:\/\/secure.gravatar.com\/avatar\/1a494ea6f8e2dd1ae526e55b0e9497efdba542491e0620d704cccf63c6f77c45?s=96&d=mm&r=g","caption":"adminuvb"},"sameAs":["https:\/\/uvbbrasil.com.br"],"url":"https:\/\/uvbbrasil.com.br\/author\/adminuvb\/"}]}},"_links":{"self":[{"href":"https:\/\/uvbbrasil.com.br\/uvb-json\/wp\/v2\/posts\/10650","targetHints":{"allow":["GET"]}}],"collection":[{"href":"https:\/\/uvbbrasil.com.br\/uvb-json\/wp\/v2\/posts"}],"about":[{"href":"https:\/\/uvbbrasil.com.br\/uvb-json\/wp\/v2\/types\/post"}],"author":[{"embeddable":true,"href":"https:\/\/uvbbrasil.com.br\/uvb-json\/wp\/v2\/users\/1"}],"replies":[{"embeddable":true,"href":"https:\/\/uvbbrasil.com.br\/uvb-json\/wp\/v2\/comments?post=10650"}],"version-history":[{"count":0,"href":"https:\/\/uvbbrasil.com.br\/uvb-json\/wp\/v2\/posts\/10650\/revisions"}],"wp:featuredmedia":[{"embeddable":true,"href":"https:\/\/uvbbrasil.com.br\/uvb-json\/wp\/v2\/media\/11422"}],"wp:attachment":[{"href":"https:\/\/uvbbrasil.com.br\/uvb-json\/wp\/v2\/media?parent=10650"}],"wp:term":[{"taxonomy":"category","embeddable":true,"href":"https:\/\/uvbbrasil.com.br\/uvb-json\/wp\/v2\/categories?post=10650"},{"taxonomy":"post_tag","embeddable":true,"href":"https:\/\/uvbbrasil.com.br\/uvb-json\/wp\/v2\/tags?post=10650"}],"curies":[{"name":"wp","href":"https:\/\/api.w.org\/{rel}","templated":true}]}}