{"id":1062,"date":"2015-08-07T20:43:48","date_gmt":"2015-08-07T20:43:48","guid":{"rendered":"https:\/\/wpsandbox4.pante.com.br\/?p=1062"},"modified":"2015-08-07T20:43:48","modified_gmt":"2015-08-07T20:43:48","slug":"uvb-participa-do-seminario-sobre-direito-eleitoral-e-praticas-legislativas-em-souza-na-paraiba","status":"publish","type":"post","link":"https:\/\/uvbbrasil.com.br\/uvb-participa-do-seminario-sobre-direito-eleitoral-e-praticas-legislativas-em-souza-na-paraiba\/","title":{"rendered":"UVB participa do Semin\u00e1rio sobre Direito Eleitoral e Pr\u00e1ticas Legislativas em Souza na Para\u00edba"},"content":{"rendered":"<p>O presidente da Uni\u00e3o dos Vereadores do Brasil (UVB), Vereador Gilson Conzatti, participou na tarde desta sexta-feira, 07, na C\u00e2mara Municipal de Sousa na Para\u00edba, do 15\u00ba semin\u00e1rio sobre Direito Eleitoral e Pr\u00e1ticas Legislativas.<br \/>\nGilson foi um dos palestrantes do semin\u00e1rio onde falou para os vereadores da regi\u00e3o sobre pr\u00e1ticas legislativas. Al\u00e9m do presidente da UVB tamb\u00e9m esteve palestrando o juiz eleitoral, juiz da Comarca de Mossor\u00f3, no Rio Grande do Norte, e membro do Movimento de Combate \u00e0 Corrup\u00e7\u00e3o Eleitoral, Jos\u00e9 Herval Sampaio Junior,<br \/>\nAmanh\u00e3 o presidente Gilson Conzatti, estar\u00e1 participando do ato de posse da Diretoria Executiva da Uni\u00e3o dos Vereadores do Rio Grande do Norte (UVERN), na cidade de Severiano Melo no Rio Grande do Norte.<br \/>\n<a href=\"https:\/\/uvbbrasil.com.br\/wp-content\/uploads\/2015\/08\/DSC_0252.jpg\"><img fetchpriority=\"high\" decoding=\"async\" src=\"https:\/\/uvbbrasil.com.br\/wp-content\/uploads\/2015\/08\/DSC_0252-300x200.jpg\" alt=\"DSC_0252\" width=\"300\" height=\"200\" class=\"alignnone size-medium wp-image-1063\" \/><\/a><\/p>\n<p><a href=\"https:\/\/uvbbrasil.com.br\/wp-content\/uploads\/2015\/08\/DSC_0264.jpg\"><img decoding=\"async\" src=\"https:\/\/uvbbrasil.com.br\/wp-content\/uploads\/2015\/08\/DSC_0264-300x200.jpg\" alt=\"DSC_0264\" width=\"300\" height=\"200\" class=\"alignnone size-medium wp-image-1064\" \/><\/a><\/p>\n<p><a href=\"https:\/\/uvbbrasil.com.br\/wp-content\/uploads\/2015\/08\/DSC_0268.jpg\"><img decoding=\"async\" src=\"https:\/\/uvbbrasil.com.br\/wp-content\/uploads\/2015\/08\/DSC_0268-300x200.jpg\" alt=\"DSC_0268\" width=\"300\" height=\"200\" class=\"alignnone size-medium wp-image-1065\" \/><\/a><\/p>\n","protected":false},"excerpt":{"rendered":"<p>O presidente da Uni\u00e3o dos Vereadores do Brasil (UVB), Vereador Gilson Conzatti, participou na tarde desta sexta-feira, 07, na C\u00e2mara&#8230;<\/p>\n","protected":false},"author":1,"featured_media":1064,"comment_status":"open","ping_status":"open","sticky":false,"template":"","format":"standard","meta":{"footnotes":""},"categories":[4],"tags":[],"class_list":["post-1062","post","type-post","status-publish","format-standard","has-post-thumbnail","hentry","category-home"],"yoast_head":"<!-- This site is optimized with the Yoast SEO plugin v26.7 - https:\/\/yoast.com\/wordpress\/plugins\/seo\/ -->\n<title>UVB participa do Semin\u00e1rio sobre Direito Eleitoral e Pr\u00e1ticas Legislativas em Souza na Para\u00edba - UVB Brasil<\/title>\n<meta name=\"robots\" content=\"index, follow, max-snippet:-1, max-image-preview:large, max-video-preview:-1\" \/>\n<link rel=\"canonical\" href=\"https:\/\/uvbbrasil.com.br\/uvb-participa-do-seminario-sobre-direito-eleitoral-e-praticas-legislativas-em-souza-na-paraiba\/\" \/>\n<meta property=\"og:locale\" content=\"pt_BR\" \/>\n<meta property=\"og:type\" content=\"article\" \/>\n<meta property=\"og:title\" content=\"UVB participa do Semin\u00e1rio sobre Direito Eleitoral e Pr\u00e1ticas Legislativas em Souza na Para\u00edba - UVB Brasil\" \/>\n<meta property=\"og:description\" content=\"O presidente da Uni\u00e3o dos Vereadores do Brasil (UVB), Vereador Gilson Conzatti, participou na tarde desta sexta-feira, 07, na C\u00e2mara...\" \/>\n<meta property=\"og:url\" content=\"https:\/\/uvbbrasil.com.br\/uvb-participa-do-seminario-sobre-direito-eleitoral-e-praticas-legislativas-em-souza-na-paraiba\/\" \/>\n<meta property=\"og:site_name\" content=\"UVB Brasil\" \/>\n<meta property=\"article:publisher\" content=\"https:\/\/www.facebook.com\/uvb.vereadoresbrasil\" \/>\n<meta property=\"article:published_time\" content=\"2015-08-07T20:43:48+00:00\" \/>\n<meta property=\"og:image\" content=\"https:\/\/uvbbrasil.com.br\/wp-content\/uploads\/2015\/08\/DSC_0264.jpg\" \/>\n\t<meta property=\"og:image:width\" content=\"640\" \/>\n\t<meta property=\"og:image:height\" content=\"428\" \/>\n\t<meta property=\"og:image:type\" content=\"image\/jpeg\" \/>\n<meta name=\"author\" content=\"adminuvb\" \/>\n<meta name=\"twitter:card\" content=\"summary_large_image\" \/>\n<meta name=\"twitter:label1\" content=\"Escrito por\" \/>\n\t<meta name=\"twitter:data1\" content=\"adminuvb\" \/>\n\t<meta name=\"twitter:label2\" content=\"Est. tempo de leitura\" \/>\n\t<meta name=\"twitter:data2\" content=\"1 minuto\" \/>\n<script type=\"application\/ld+json\" class=\"yoast-schema-graph\">{\"@context\":\"https:\/\/schema.org\",\"@graph\":[{\"@type\":\"Article\",\"@id\":\"https:\/\/uvbbrasil.com.br\/uvb-participa-do-seminario-sobre-direito-eleitoral-e-praticas-legislativas-em-souza-na-paraiba\/#article\",\"isPartOf\":{\"@id\":\"https:\/\/uvbbrasil.com.br\/uvb-participa-do-seminario-sobre-direito-eleitoral-e-praticas-legislativas-em-souza-na-paraiba\/\"},\"author\":{\"name\":\"adminuvb\",\"@id\":\"https:\/\/uvbbrasil.com.br\/#\/schema\/person\/17990098446c098f52effddff4f1b272\"},\"headline\":\"UVB participa do Semin\u00e1rio sobre Direito Eleitoral e Pr\u00e1ticas Legislativas em Souza na Para\u00edba\",\"datePublished\":\"2015-08-07T20:43:48+00:00\",\"mainEntityOfPage\":{\"@id\":\"https:\/\/uvbbrasil.com.br\/uvb-participa-do-seminario-sobre-direito-eleitoral-e-praticas-legislativas-em-souza-na-paraiba\/\"},\"wordCount\":145,\"commentCount\":0,\"publisher\":{\"@id\":\"https:\/\/uvbbrasil.com.br\/#organization\"},\"image\":{\"@id\":\"https:\/\/uvbbrasil.com.br\/uvb-participa-do-seminario-sobre-direito-eleitoral-e-praticas-legislativas-em-souza-na-paraiba\/#primaryimage\"},\"thumbnailUrl\":\"https:\/\/uvbbrasil.com.br\/wp-content\/uploads\/2015\/08\/DSC_0264.jpg\",\"articleSection\":[\"UVB\"],\"inLanguage\":\"pt-BR\",\"potentialAction\":[{\"@type\":\"CommentAction\",\"name\":\"Comment\",\"target\":[\"https:\/\/uvbbrasil.com.br\/uvb-participa-do-seminario-sobre-direito-eleitoral-e-praticas-legislativas-em-souza-na-paraiba\/#respond\"]}]},{\"@type\":\"WebPage\",\"@id\":\"https:\/\/uvbbrasil.com.br\/uvb-participa-do-seminario-sobre-direito-eleitoral-e-praticas-legislativas-em-souza-na-paraiba\/\",\"url\":\"https:\/\/uvbbrasil.com.br\/uvb-participa-do-seminario-sobre-direito-eleitoral-e-praticas-legislativas-em-souza-na-paraiba\/\",\"name\":\"UVB participa do Semin\u00e1rio sobre Direito Eleitoral e Pr\u00e1ticas Legislativas em Souza na Para\u00edba - UVB Brasil\",\"isPartOf\":{\"@id\":\"https:\/\/uvbbrasil.com.br\/#website\"},\"primaryImageOfPage\":{\"@id\":\"https:\/\/uvbbrasil.com.br\/uvb-participa-do-seminario-sobre-direito-eleitoral-e-praticas-legislativas-em-souza-na-paraiba\/#primaryimage\"},\"image\":{\"@id\":\"https:\/\/uvbbrasil.com.br\/uvb-participa-do-seminario-sobre-direito-eleitoral-e-praticas-legislativas-em-souza-na-paraiba\/#primaryimage\"},\"thumbnailUrl\":\"https:\/\/uvbbrasil.com.br\/wp-content\/uploads\/2015\/08\/DSC_0264.jpg\",\"datePublished\":\"2015-08-07T20:43:48+00:00\",\"breadcrumb\":{\"@id\":\"https:\/\/uvbbrasil.com.br\/uvb-participa-do-seminario-sobre-direito-eleitoral-e-praticas-legislativas-em-souza-na-paraiba\/#breadcrumb\"},\"inLanguage\":\"pt-BR\",\"potentialAction\":[{\"@type\":\"ReadAction\",\"target\":[\"https:\/\/uvbbrasil.com.br\/uvb-participa-do-seminario-sobre-direito-eleitoral-e-praticas-legislativas-em-souza-na-paraiba\/\"]}]},{\"@type\":\"ImageObject\",\"inLanguage\":\"pt-BR\",\"@id\":\"https:\/\/uvbbrasil.com.br\/uvb-participa-do-seminario-sobre-direito-eleitoral-e-praticas-legislativas-em-souza-na-paraiba\/#primaryimage\",\"url\":\"https:\/\/uvbbrasil.com.br\/wp-content\/uploads\/2015\/08\/DSC_0264.jpg\",\"contentUrl\":\"https:\/\/uvbbrasil.com.br\/wp-content\/uploads\/2015\/08\/DSC_0264.jpg\",\"width\":640,\"height\":428},{\"@type\":\"BreadcrumbList\",\"@id\":\"https:\/\/uvbbrasil.com.br\/uvb-participa-do-seminario-sobre-direito-eleitoral-e-praticas-legislativas-em-souza-na-paraiba\/#breadcrumb\",\"itemListElement\":[{\"@type\":\"ListItem\",\"position\":1,\"name\":\"In\u00edcio\",\"item\":\"https:\/\/uvbbrasil.com.br\/\"},{\"@type\":\"ListItem\",\"position\":2,\"name\":\"UVB participa do Semin\u00e1rio sobre Direito Eleitoral e Pr\u00e1ticas Legislativas em Souza na Para\u00edba\"}]},{\"@type\":\"WebSite\",\"@id\":\"https:\/\/uvbbrasil.com.br\/#website\",\"url\":\"https:\/\/uvbbrasil.com.br\/\",\"name\":\"UVB Brasil\",\"description\":\"Uni\u00e3o dos Vereadores do Brasil\",\"publisher\":{\"@id\":\"https:\/\/uvbbrasil.com.br\/#organization\"},\"potentialAction\":[{\"@type\":\"SearchAction\",\"target\":{\"@type\":\"EntryPoint\",\"urlTemplate\":\"https:\/\/uvbbrasil.com.br\/?s={search_term_string}\"},\"query-input\":{\"@type\":\"PropertyValueSpecification\",\"valueRequired\":true,\"valueName\":\"search_term_string\"}}],\"inLanguage\":\"pt-BR\"},{\"@type\":\"Organization\",\"@id\":\"https:\/\/uvbbrasil.com.br\/#organization\",\"name\":\"UVB Brasil\",\"url\":\"https:\/\/uvbbrasil.com.br\/\",\"logo\":{\"@type\":\"ImageObject\",\"inLanguage\":\"pt-BR\",\"@id\":\"https:\/\/uvbbrasil.com.br\/#\/schema\/logo\/image\/\",\"url\":\"https:\/\/uvbbrasil.com.br\/wp-content\/uploads\/2025\/01\/LOGO-UVB-2024-azul-1.jpg\",\"contentUrl\":\"https:\/\/uvbbrasil.com.br\/wp-content\/uploads\/2025\/01\/LOGO-UVB-2024-azul-1.jpg\",\"width\":600,\"height\":211,\"caption\":\"UVB Brasil\"},\"image\":{\"@id\":\"https:\/\/uvbbrasil.com.br\/#\/schema\/logo\/image\/\"},\"sameAs\":[\"https:\/\/www.facebook.com\/uvb.vereadoresbrasil\",\"https:\/\/www.instagram.com\/uvbbrasil\/\",\"https:\/\/www.youtube.com\/channel\/UCIlPQ8Xzw5GHNzosQIg9S5A\"]},{\"@type\":\"Person\",\"@id\":\"https:\/\/uvbbrasil.com.br\/#\/schema\/person\/17990098446c098f52effddff4f1b272\",\"name\":\"adminuvb\",\"image\":{\"@type\":\"ImageObject\",\"inLanguage\":\"pt-BR\",\"@id\":\"https:\/\/uvbbrasil.com.br\/#\/schema\/person\/image\/\",\"url\":\"https:\/\/secure.gravatar.com\/avatar\/1a494ea6f8e2dd1ae526e55b0e9497efdba542491e0620d704cccf63c6f77c45?s=96&d=mm&r=g\",\"contentUrl\":\"https:\/\/secure.gravatar.com\/avatar\/1a494ea6f8e2dd1ae526e55b0e9497efdba542491e0620d704cccf63c6f77c45?s=96&d=mm&r=g\",\"caption\":\"adminuvb\"},\"sameAs\":[\"https:\/\/uvbbrasil.com.br\"],\"url\":\"https:\/\/uvbbrasil.com.br\/author\/adminuvb\/\"}]}<\/script>\n<!-- \/ Yoast SEO plugin. -->","yoast_head_json":{"title":"UVB participa do Semin\u00e1rio sobre Direito Eleitoral e Pr\u00e1ticas Legislativas em Souza na Para\u00edba - UVB Brasil","robots":{"index":"index","follow":"follow","max-snippet":"max-snippet:-1","max-image-preview":"max-image-preview:large","max-video-preview":"max-video-preview:-1"},"canonical":"https:\/\/uvbbrasil.com.br\/uvb-participa-do-seminario-sobre-direito-eleitoral-e-praticas-legislativas-em-souza-na-paraiba\/","og_locale":"pt_BR","og_type":"article","og_title":"UVB participa do Semin\u00e1rio sobre Direito Eleitoral e Pr\u00e1ticas Legislativas em Souza na Para\u00edba - UVB Brasil","og_description":"O presidente da Uni\u00e3o dos Vereadores do Brasil (UVB), Vereador Gilson Conzatti, participou na tarde desta sexta-feira, 07, na C\u00e2mara...","og_url":"https:\/\/uvbbrasil.com.br\/uvb-participa-do-seminario-sobre-direito-eleitoral-e-praticas-legislativas-em-souza-na-paraiba\/","og_site_name":"UVB Brasil","article_publisher":"https:\/\/www.facebook.com\/uvb.vereadoresbrasil","article_published_time":"2015-08-07T20:43:48+00:00","og_image":[{"width":640,"height":428,"url":"https:\/\/uvbbrasil.com.br\/wp-content\/uploads\/2015\/08\/DSC_0264.jpg","type":"image\/jpeg"}],"author":"adminuvb","twitter_card":"summary_large_image","twitter_misc":{"Escrito por":"adminuvb","Est. tempo de leitura":"1 minuto"},"schema":{"@context":"https:\/\/schema.org","@graph":[{"@type":"Article","@id":"https:\/\/uvbbrasil.com.br\/uvb-participa-do-seminario-sobre-direito-eleitoral-e-praticas-legislativas-em-souza-na-paraiba\/#article","isPartOf":{"@id":"https:\/\/uvbbrasil.com.br\/uvb-participa-do-seminario-sobre-direito-eleitoral-e-praticas-legislativas-em-souza-na-paraiba\/"},"author":{"name":"adminuvb","@id":"https:\/\/uvbbrasil.com.br\/#\/schema\/person\/17990098446c098f52effddff4f1b272"},"headline":"UVB participa do Semin\u00e1rio sobre Direito Eleitoral e Pr\u00e1ticas Legislativas em Souza na Para\u00edba","datePublished":"2015-08-07T20:43:48+00:00","mainEntityOfPage":{"@id":"https:\/\/uvbbrasil.com.br\/uvb-participa-do-seminario-sobre-direito-eleitoral-e-praticas-legislativas-em-souza-na-paraiba\/"},"wordCount":145,"commentCount":0,"publisher":{"@id":"https:\/\/uvbbrasil.com.br\/#organization"},"image":{"@id":"https:\/\/uvbbrasil.com.br\/uvb-participa-do-seminario-sobre-direito-eleitoral-e-praticas-legislativas-em-souza-na-paraiba\/#primaryimage"},"thumbnailUrl":"https:\/\/uvbbrasil.com.br\/wp-content\/uploads\/2015\/08\/DSC_0264.jpg","articleSection":["UVB"],"inLanguage":"pt-BR","potentialAction":[{"@type":"CommentAction","name":"Comment","target":["https:\/\/uvbbrasil.com.br\/uvb-participa-do-seminario-sobre-direito-eleitoral-e-praticas-legislativas-em-souza-na-paraiba\/#respond"]}]},{"@type":"WebPage","@id":"https:\/\/uvbbrasil.com.br\/uvb-participa-do-seminario-sobre-direito-eleitoral-e-praticas-legislativas-em-souza-na-paraiba\/","url":"https:\/\/uvbbrasil.com.br\/uvb-participa-do-seminario-sobre-direito-eleitoral-e-praticas-legislativas-em-souza-na-paraiba\/","name":"UVB participa do Semin\u00e1rio sobre Direito Eleitoral e Pr\u00e1ticas Legislativas em Souza na Para\u00edba - UVB Brasil","isPartOf":{"@id":"https:\/\/uvbbrasil.com.br\/#website"},"primaryImageOfPage":{"@id":"https:\/\/uvbbrasil.com.br\/uvb-participa-do-seminario-sobre-direito-eleitoral-e-praticas-legislativas-em-souza-na-paraiba\/#primaryimage"},"image":{"@id":"https:\/\/uvbbrasil.com.br\/uvb-participa-do-seminario-sobre-direito-eleitoral-e-praticas-legislativas-em-souza-na-paraiba\/#primaryimage"},"thumbnailUrl":"https:\/\/uvbbrasil.com.br\/wp-content\/uploads\/2015\/08\/DSC_0264.jpg","datePublished":"2015-08-07T20:43:48+00:00","breadcrumb":{"@id":"https:\/\/uvbbrasil.com.br\/uvb-participa-do-seminario-sobre-direito-eleitoral-e-praticas-legislativas-em-souza-na-paraiba\/#breadcrumb"},"inLanguage":"pt-BR","potentialAction":[{"@type":"ReadAction","target":["https:\/\/uvbbrasil.com.br\/uvb-participa-do-seminario-sobre-direito-eleitoral-e-praticas-legislativas-em-souza-na-paraiba\/"]}]},{"@type":"ImageObject","inLanguage":"pt-BR","@id":"https:\/\/uvbbrasil.com.br\/uvb-participa-do-seminario-sobre-direito-eleitoral-e-praticas-legislativas-em-souza-na-paraiba\/#primaryimage","url":"https:\/\/uvbbrasil.com.br\/wp-content\/uploads\/2015\/08\/DSC_0264.jpg","contentUrl":"https:\/\/uvbbrasil.com.br\/wp-content\/uploads\/2015\/08\/DSC_0264.jpg","width":640,"height":428},{"@type":"BreadcrumbList","@id":"https:\/\/uvbbrasil.com.br\/uvb-participa-do-seminario-sobre-direito-eleitoral-e-praticas-legislativas-em-souza-na-paraiba\/#breadcrumb","itemListElement":[{"@type":"ListItem","position":1,"name":"In\u00edcio","item":"https:\/\/uvbbrasil.com.br\/"},{"@type":"ListItem","position":2,"name":"UVB participa do Semin\u00e1rio sobre Direito Eleitoral e Pr\u00e1ticas Legislativas em Souza na Para\u00edba"}]},{"@type":"WebSite","@id":"https:\/\/uvbbrasil.com.br\/#website","url":"https:\/\/uvbbrasil.com.br\/","name":"UVB Brasil","description":"Uni\u00e3o dos Vereadores do Brasil","publisher":{"@id":"https:\/\/uvbbrasil.com.br\/#organization"},"potentialAction":[{"@type":"SearchAction","target":{"@type":"EntryPoint","urlTemplate":"https:\/\/uvbbrasil.com.br\/?s={search_term_string}"},"query-input":{"@type":"PropertyValueSpecification","valueRequired":true,"valueName":"search_term_string"}}],"inLanguage":"pt-BR"},{"@type":"Organization","@id":"https:\/\/uvbbrasil.com.br\/#organization","name":"UVB Brasil","url":"https:\/\/uvbbrasil.com.br\/","logo":{"@type":"ImageObject","inLanguage":"pt-BR","@id":"https:\/\/uvbbrasil.com.br\/#\/schema\/logo\/image\/","url":"https:\/\/uvbbrasil.com.br\/wp-content\/uploads\/2025\/01\/LOGO-UVB-2024-azul-1.jpg","contentUrl":"https:\/\/uvbbrasil.com.br\/wp-content\/uploads\/2025\/01\/LOGO-UVB-2024-azul-1.jpg","width":600,"height":211,"caption":"UVB Brasil"},"image":{"@id":"https:\/\/uvbbrasil.com.br\/#\/schema\/logo\/image\/"},"sameAs":["https:\/\/www.facebook.com\/uvb.vereadoresbrasil","https:\/\/www.instagram.com\/uvbbrasil\/","https:\/\/www.youtube.com\/channel\/UCIlPQ8Xzw5GHNzosQIg9S5A"]},{"@type":"Person","@id":"https:\/\/uvbbrasil.com.br\/#\/schema\/person\/17990098446c098f52effddff4f1b272","name":"adminuvb","image":{"@type":"ImageObject","inLanguage":"pt-BR","@id":"https:\/\/uvbbrasil.com.br\/#\/schema\/person\/image\/","url":"https:\/\/secure.gravatar.com\/avatar\/1a494ea6f8e2dd1ae526e55b0e9497efdba542491e0620d704cccf63c6f77c45?s=96&d=mm&r=g","contentUrl":"https:\/\/secure.gravatar.com\/avatar\/1a494ea6f8e2dd1ae526e55b0e9497efdba542491e0620d704cccf63c6f77c45?s=96&d=mm&r=g","caption":"adminuvb"},"sameAs":["https:\/\/uvbbrasil.com.br"],"url":"https:\/\/uvbbrasil.com.br\/author\/adminuvb\/"}]}},"_links":{"self":[{"href":"https:\/\/uvbbrasil.com.br\/uvb-json\/wp\/v2\/posts\/1062","targetHints":{"allow":["GET"]}}],"collection":[{"href":"https:\/\/uvbbrasil.com.br\/uvb-json\/wp\/v2\/posts"}],"about":[{"href":"https:\/\/uvbbrasil.com.br\/uvb-json\/wp\/v2\/types\/post"}],"author":[{"embeddable":true,"href":"https:\/\/uvbbrasil.com.br\/uvb-json\/wp\/v2\/users\/1"}],"replies":[{"embeddable":true,"href":"https:\/\/uvbbrasil.com.br\/uvb-json\/wp\/v2\/comments?post=1062"}],"version-history":[{"count":0,"href":"https:\/\/uvbbrasil.com.br\/uvb-json\/wp\/v2\/posts\/1062\/revisions"}],"wp:featuredmedia":[{"embeddable":true,"href":"https:\/\/uvbbrasil.com.br\/uvb-json\/wp\/v2\/media\/1064"}],"wp:attachment":[{"href":"https:\/\/uvbbrasil.com.br\/uvb-json\/wp\/v2\/media?parent=1062"}],"wp:term":[{"taxonomy":"category","embeddable":true,"href":"https:\/\/uvbbrasil.com.br\/uvb-json\/wp\/v2\/categories?post=1062"},{"taxonomy":"post_tag","embeddable":true,"href":"https:\/\/uvbbrasil.com.br\/uvb-json\/wp\/v2\/tags?post=1062"}],"curies":[{"name":"wp","href":"https:\/\/api.w.org\/{rel}","templated":true}]}}